{"id":407,"date":"2019-10-28T14:56:15","date_gmt":"2019-10-28T14:56:15","guid":{"rendered":"http:\/\/bandsalat.net\/?p=407"},"modified":"2019-10-28T14:56:15","modified_gmt":"2019-10-28T14:56:15","slug":"gespenster-vampire-und-der-weihnachstmann-im-propsteihaus-war-es-magisch","status":"publish","type":"post","link":"https:\/\/bandsalat.net\/?p=407","title":{"rendered":"Gespenster, Vampire und der Weihnachstmann- im Propsteihaus war es magisch"},"content":{"rendered":"\n<p><\/p>\n\n\n\n<p>Der\n Theaterverein Bandsalat e.V. feierte am Freitag, den 25.10.2019 \nPremiere mit dem diesj\u00e4hrigen St\u00fcck &#8222;Das kleine Schlossgespenst&#8220;. <\/p>\n\n\n\n<p>Das\n kleine Schlossgespenst Konstantin (Joana Jakob) wird j\u00e4h aus seinem \nSchlaf gerissen, als sich Familie Kaltenritter mitsamt Zwillingen und \nHaush\u00e4lterin (Kerstin Jahn) im Schloss einquartiert. Die Familie wei\u00df \nnichts von ihrem neuen Mitbewohner. Auch der freundliche Hausmeister \nHerrmann Hasenfratz (Matthias Koch) verschweigt den Kaltenritters, dass \nes in ihrem neuen Heim spukt. Und dann schn\u00fcffeln die neugierigen Kinder\n Lisa (Martha Quarch) und Jonas (Johannes Kollmann) auch noch \u00fcberall \nherum. <\/p>\n\n\n\n<p>Aber wirklich die H\u00f6he ist doch, dass die \nErwachsenen nicht an Gespenster glauben! Denen wird er es zeigen, \nangefangen bei den Eltern (Emad Younees und Petra Werner), der netten \nPostbotin (Daniela Karnoll) bis zur einf\u00e4ltigen Klempnerin Nass- Celle( \nKatharina Jahn). Mit Hilfe von Freundin Viola Vampirella (Hanna \nHornung)- einer \u00fcberzeugten Vegetarierin-  macht das noch viel mehr \nSpa\u00df. Und auch die Kinder sind netter als gedacht und bald seine \nFreunde. Konstantin, der verdammt ist f\u00fcr immer auf dem Schloss zu \nspuken, erz\u00e4hlt den Zwillingen, dass es sein gr\u00f6\u00dfter Wunsch ist in die \nGespenstergilde aufgenommen zu werden. Wird er es noch schaffen? Oder \nmuss er f\u00fcr immer sein Unwesen auf dem Schloss treiben? <\/p>\n\n\n\n<figure class=\"wp-block-image\"><img loading=\"lazy\" decoding=\"async\" width=\"1024\" height=\"683\" src=\"https:\/\/bandsalat.net\/wp-content\/uploads\/2019\/10\/img_5760-1-1024x683.jpg\" alt=\"\" class=\"wp-image-408\" srcset=\"https:\/\/bandsalat.net\/wp-content\/uploads\/2019\/10\/img_5760-1.jpg 1024w, https:\/\/bandsalat.net\/wp-content\/uploads\/2019\/10\/img_5760-1-300x200.jpg 300w, https:\/\/bandsalat.net\/wp-content\/uploads\/2019\/10\/img_5760-1-768x512.jpg 768w\" sizes=\"auto, (max-width: 1024px) 100vw, 1024px\" \/><\/figure>\n\n\n\n<p>Und\n was ist nur mit den Erwachsenen los? Immer sind sie in Eile. Und nicht \nmal mehr das baldige Weihnachtsfest kann sie begeistern. Dann trifft \nauch noch die Nachricht ein, dass der Weihnachtsmann (Hugo Detig) aus \nirgendeinem mysteri\u00f6sen Grund keine Geschenke mehr liefert. Etwas muss \ngeschehen! Konstantin ruft seinen Onkel. Der ist kein geringerer als der\n Geist der Weihnacht (Steffen Karnoll). Dieser gibt den Freunden einen \nTipp, was zu tun ist. So machen sich die Freunde auf, das Weihnachtsfest\n zu retten. <\/p>\n\n\n\n<p>Fangen die Erwachsenen an an Gespenster zu \nglauben? Was ist mit dem Weihnachtsmann passiert? K\u00f6nnen sie das \nWeihnachtsfest retten? <\/p>\n\n\n\n<p>Die Antworten auf die Fragen kennen nun die rund \u00fcber 1000 Zuschauer. <\/p>\n\n\n\n<p>&#8222;Der  Applaus des Publikums zeigt uns, dass wir wieder ein sch\u00f6nes St\u00fcck auf  die B\u00fchne gebracht haben.&#8220;, so ein Mitglied des Vereins.<\/p>\n","protected":false},"excerpt":{"rendered":"<p>Der Theaterverein Bandsalat e.V. feierte am Freitag, den 25.10.2019 Premiere mit dem diesj\u00e4hrigen St\u00fcck &#8222;Das kleine Schlossgespenst&#8220;. Das kleine Schlossgespenst Konstantin (Joana Jakob) wird j\u00e4h aus seinem Schlaf gerissen, als sich Familie Kaltenritter mitsamt Zwillingen und Haush\u00e4lterin (Kerstin Jahn) im Schloss einquartiert. Die Familie wei\u00df nichts von ihrem neuen Mitbewohner. Auch der freundliche Hausmeister Herrmann &hellip; <a href=\"https:\/\/bandsalat.net\/?p=407\" class=\"more-link\"><span class=\"screen-reader-text\">Gespenster, Vampire und der Weihnachstmann- im Propsteihaus war es magisch<\/span> weiterlesen <span class=\"meta-nav\">&rarr;<\/span><\/a><\/p>\n","protected":false},"author":1,"featured_media":0,"comment_status":"closed","ping_status":"closed","sticky":false,"template":"","format":"standard","meta":{"footnotes":""},"categories":[1],"tags":[],"class_list":["post-407","post","type-post","status-publish","format-standard","hentry","category-uncategorized"],"_links":{"self":[{"href":"https:\/\/bandsalat.net\/index.php?rest_route=\/wp\/v2\/posts\/407","targetHints":{"allow":["GET"]}}],"collection":[{"href":"https:\/\/bandsalat.net\/index.php?rest_route=\/wp\/v2\/posts"}],"about":[{"href":"https:\/\/bandsalat.net\/index.php?rest_route=\/wp\/v2\/types\/post"}],"author":[{"embeddable":true,"href":"https:\/\/bandsalat.net\/index.php?rest_route=\/wp\/v2\/users\/1"}],"replies":[{"embeddable":true,"href":"https:\/\/bandsalat.net\/index.php?rest_route=%2Fwp%2Fv2%2Fcomments&post=407"}],"version-history":[{"count":1,"href":"https:\/\/bandsalat.net\/index.php?rest_route=\/wp\/v2\/posts\/407\/revisions"}],"predecessor-version":[{"id":409,"href":"https:\/\/bandsalat.net\/index.php?rest_route=\/wp\/v2\/posts\/407\/revisions\/409"}],"wp:attachment":[{"href":"https:\/\/bandsalat.net\/index.php?rest_route=%2Fwp%2Fv2%2Fmedia&parent=407"}],"wp:term":[{"taxonomy":"category","embeddable":true,"href":"https:\/\/bandsalat.net\/index.php?rest_route=%2Fwp%2Fv2%2Fcategories&post=407"},{"taxonomy":"post_tag","embeddable":true,"href":"https:\/\/bandsalat.net\/index.php?rest_route=%2Fwp%2Fv2%2Ftags&post=407"}],"curies":[{"name":"wp","href":"https:\/\/api.w.org\/{rel}","templated":true}]}}