{"id":411,"date":"2020-06-03T14:52:44","date_gmt":"2020-06-03T14:52:44","guid":{"rendered":"http:\/\/bandsalat.net\/?p=411"},"modified":"2020-06-03T14:56:39","modified_gmt":"2020-06-03T14:56:39","slug":"der-vorhang-bleibt-zu-in-diesem-jahr","status":"publish","type":"post","link":"https:\/\/bandsalat.net\/?p=411","title":{"rendered":"Der Vorhang bleibt zu in diesem Jahr"},"content":{"rendered":"\n<figure class=\"wp-block-image size-large\"><img loading=\"lazy\" decoding=\"async\" width=\"2560\" height=\"1440\" src=\"https:\/\/bandsalat.net\/wp-content\/uploads\/2020\/06\/DSC00210-scaled.jpg\" alt=\"\" class=\"wp-image-412\" srcset=\"https:\/\/bandsalat.net\/wp-content\/uploads\/2020\/06\/DSC00210-scaled.jpg 2560w, https:\/\/bandsalat.net\/wp-content\/uploads\/2020\/06\/DSC00210-300x169.jpg 300w, https:\/\/bandsalat.net\/wp-content\/uploads\/2020\/06\/DSC00210-768x432.jpg 768w, https:\/\/bandsalat.net\/wp-content\/uploads\/2020\/06\/DSC00210-2048x1152.jpg 2048w\" sizes=\"auto, (max-width: 2560px) 100vw, 2560px\" \/><figcaption>2020 leider nur leere St\u00fchle im Oktober <\/figcaption><\/figure>\n\n\n\n<p><br>F\u00fcr viele ist das j\u00e4hrliche Theaterst\u00fcck des Vereins Bandsalat e. V. ein fester Termin im Jahr.<br>An dem Wochende nach den Herbstferien wird das aktuelle St\u00fcck an vier Veranstaltungen<br>aufgef\u00fchrt. <\/p>\n\n\n\n<p>Egal ob jung oder alt, hunderte Besucher lassen sich die Veranstaltung im<br>Propsteihaus in Petersberg nicht entgehen.<br><\/p>\n\n\n\n<p>Aber in diesem Jahr ist alles anders. Aufgrund von Corona wurden viele Veranstaltungen<br>bereits abgesagt. Auch der Vorstand von Bandsalat musste entscheiden, ob es in diesem Jahr ein Theaterst\u00fcck geben wird.<br><\/p>\n\n\n\n<p>Aufgrund der Kontakteinschr\u00e4nkungen und Abstandsregeln ist ein regul\u00e4rer Probenbetrieb<br>aktuell nicht m\u00f6glich. Es ist auch unklar wann dieser wieder stattfinden kann.<br><\/p>\n\n\n\n<p>Desweiteren gibt es noch keine Regelung f\u00fcr Veranstaltungen in dieser Gr\u00f6\u00dfenordnung nach dem 31.08.2020.<br><\/p>\n\n\n\n<p>Das sind die Hauptgr\u00fcnde warum in diesem Jahr der Vorhang im Propsteihaus f\u00fcr Bandsalat geschlossen bleibt.<br><\/p>\n\n\n\n<p>Die Entscheidung fiel nicht leicht, jedoch m\u00f6chte der Verein seiner Verantwortung gerecht<br>werden und die Gesundheit und das Wohlergehen der Mitglieder und Zuschauer sch\u00fctzen.<br><\/p>\n\n\n\n<p>Bei Fragen steht der Vorstand von Bandsalat  gerne zur Verf\u00fcgung.<\/p>\n\n\n\n<p class=\"has-text-color has-background has-dark-gray-color has-yellow-background-color\"><br>Hoffentlich hei\u00dft es im n\u00e4chsten Jahr wieder \u201cB\u00fchne frei f\u00fcr Bandsalat\u201d<\/p>\n","protected":false},"excerpt":{"rendered":"<p>F\u00fcr viele ist das j\u00e4hrliche Theaterst\u00fcck des Vereins Bandsalat e. V. ein fester Termin im Jahr.An dem Wochende nach den Herbstferien wird das aktuelle St\u00fcck an vier Veranstaltungenaufgef\u00fchrt. Egal ob jung oder alt, hunderte Besucher lassen sich die Veranstaltung imPropsteihaus in Petersberg nicht entgehen. Aber in diesem Jahr ist alles anders. Aufgrund von Corona wurden &hellip; <a href=\"https:\/\/bandsalat.net\/?p=411\" class=\"more-link\"><span class=\"screen-reader-text\">Der Vorhang bleibt zu in diesem Jahr<\/span> weiterlesen <span class=\"meta-nav\">&rarr;<\/span><\/a><\/p>\n","protected":false},"author":1,"featured_media":0,"comment_status":"closed","ping_status":"closed","sticky":false,"template":"","format":"standard","meta":{"footnotes":""},"categories":[2,33,32,34],"tags":[],"class_list":["post-411","post","type-post","status-publish","format-standard","hentry","category-bandsalat","category-erwachsenentheater","category-kindertheater","category-komoedie"],"_links":{"self":[{"href":"https:\/\/bandsalat.net\/index.php?rest_route=\/wp\/v2\/posts\/411","targetHints":{"allow":["GET"]}}],"collection":[{"href":"https:\/\/bandsalat.net\/index.php?rest_route=\/wp\/v2\/posts"}],"about":[{"href":"https:\/\/bandsalat.net\/index.php?rest_route=\/wp\/v2\/types\/post"}],"author":[{"embeddable":true,"href":"https:\/\/bandsalat.net\/index.php?rest_route=\/wp\/v2\/users\/1"}],"replies":[{"embeddable":true,"href":"https:\/\/bandsalat.net\/index.php?rest_route=%2Fwp%2Fv2%2Fcomments&post=411"}],"version-history":[{"count":4,"href":"https:\/\/bandsalat.net\/index.php?rest_route=\/wp\/v2\/posts\/411\/revisions"}],"predecessor-version":[{"id":417,"href":"https:\/\/bandsalat.net\/index.php?rest_route=\/wp\/v2\/posts\/411\/revisions\/417"}],"wp:attachment":[{"href":"https:\/\/bandsalat.net\/index.php?rest_route=%2Fwp%2Fv2%2Fmedia&parent=411"}],"wp:term":[{"taxonomy":"category","embeddable":true,"href":"https:\/\/bandsalat.net\/index.php?rest_route=%2Fwp%2Fv2%2Fcategories&post=411"},{"taxonomy":"post_tag","embeddable":true,"href":"https:\/\/bandsalat.net\/index.php?rest_route=%2Fwp%2Fv2%2Ftags&post=411"}],"curies":[{"name":"wp","href":"https:\/\/api.w.org\/{rel}","templated":true}]}}