{"id":479,"date":"2023-09-25T16:09:32","date_gmt":"2023-09-25T16:09:32","guid":{"rendered":"https:\/\/bandsalat.net\/?p=479"},"modified":"2023-09-25T16:31:46","modified_gmt":"2023-09-25T16:31:46","slug":"tolle-unterstuetzung-unter-uns-theatervereinen","status":"publish","type":"post","link":"https:\/\/bandsalat.net\/?p=479","title":{"rendered":"Tolle Unterst\u00fctzung unter uns Theatervereinen"},"content":{"rendered":"\n<p>Heute mal eine Geschichte abseits der Auff\u00fchrungen.  <br>Viele Gewerke greifen ineinander, damit eine Auff\u00fchrung gelingt. Dazu geh\u00f6rt auch die Gestaltung von ansprechenden Plakaten und Flyern. <\/p>\n\n\n\n<p>Im Fr\u00fchjahr ging daher unsere Regie im Internet auf die Suche nach einem passenden Motiv. Dabei entdeckte sie beim Kinder- &amp; Jugendtheater in Frankfurt folgende Zeichnung:<\/p>\n\n\n\n<figure class=\"wp-block-image size-large\"><a href=\"http:\/\/www.kiju-theater.de\/\"><img loading=\"lazy\" decoding=\"async\" width=\"1024\" height=\"768\" src=\"https:\/\/bandsalat.net\/wp-content\/uploads\/2023\/09\/Zauberlehrling-1024x768.jpg\" alt=\"\" class=\"wp-image-480\" srcset=\"https:\/\/bandsalat.net\/wp-content\/uploads\/2023\/09\/Zauberlehrling-1024x768.jpg 1024w, https:\/\/bandsalat.net\/wp-content\/uploads\/2023\/09\/Zauberlehrling-300x225.jpg 300w, https:\/\/bandsalat.net\/wp-content\/uploads\/2023\/09\/Zauberlehrling-768x576.jpg 768w, https:\/\/bandsalat.net\/wp-content\/uploads\/2023\/09\/Zauberlehrling-1536x1152.jpg 1536w, https:\/\/bandsalat.net\/wp-content\/uploads\/2023\/09\/Zauberlehrling-2048x1536.jpg 2048w\" sizes=\"auto, (max-width: 1024px) 100vw, 1024px\" \/><\/a><\/figure>\n\n\n\n<p>Nach einem kurzen Austausch erhielten wir die Erlaubnis auch dieses Motiv f\u00fcr unsere Veranstaltung zu \u00fcbernehmen.<br>Daf\u00fcr herzlichen Dank an das Theater und K\u00fcnstler, die den Zauberlehrling entworfen haben. <\/p>\n\n\n\n<figure class=\"wp-block-image size-large\"><a href=\"https:\/\/bandsalat.net\/wp-content\/uploads\/2023\/09\/20230923_110708-scaled.jpg\"><img loading=\"lazy\" decoding=\"async\" width=\"768\" height=\"1024\" src=\"https:\/\/bandsalat.net\/wp-content\/uploads\/2023\/09\/20230923_110708-768x1024.jpg\" alt=\"\" class=\"wp-image-483\" srcset=\"https:\/\/bandsalat.net\/wp-content\/uploads\/2023\/09\/20230923_110708-768x1024.jpg 768w, https:\/\/bandsalat.net\/wp-content\/uploads\/2023\/09\/20230923_110708-225x300.jpg 225w, https:\/\/bandsalat.net\/wp-content\/uploads\/2023\/09\/20230923_110708-1152x1536.jpg 1152w, https:\/\/bandsalat.net\/wp-content\/uploads\/2023\/09\/20230923_110708-1536x2048.jpg 1536w, https:\/\/bandsalat.net\/wp-content\/uploads\/2023\/09\/20230923_110708-scaled.jpg 1920w\" sizes=\"auto, (max-width: 768px) 100vw, 768px\" \/><\/a><\/figure>\n\n\n\n<p>Das Copyright f\u00fcr diese Grafik liegt nat\u00fcrlich bei dem <a href=\"http:\/\/www.kiju-theater.de\/\">Kinder- &amp; Jugendtheater Frankfurt<\/a>. <\/p>\n\n\n\n<p><\/p>\n","protected":false},"excerpt":{"rendered":"<p>Heute mal eine Geschichte abseits der Auff\u00fchrungen. Viele Gewerke greifen ineinander, damit eine Auff\u00fchrung gelingt. Dazu geh\u00f6rt auch die Gestaltung von ansprechenden Plakaten und Flyern. Im Fr\u00fchjahr ging daher unsere Regie im Internet auf die Suche nach einem passenden Motiv. Dabei entdeckte sie beim Kinder- &amp; Jugendtheater in Frankfurt folgende Zeichnung: Nach einem kurzen Austausch &hellip; <a href=\"https:\/\/bandsalat.net\/?p=479\" class=\"more-link\"><span class=\"screen-reader-text\">Tolle Unterst\u00fctzung unter uns Theatervereinen<\/span> weiterlesen <span class=\"meta-nav\">&rarr;<\/span><\/a><\/p>\n","protected":false},"author":1,"featured_media":0,"comment_status":"closed","ping_status":"closed","sticky":false,"template":"","format":"standard","meta":{"footnotes":""},"categories":[43,5,2,32,35],"tags":[],"class_list":["post-479","post","type-post","status-publish","format-standard","hentry","category-verhext-und-zugezaubert","category-auffuehrungen","category-bandsalat","category-kindertheater","category-maerchen"],"_links":{"self":[{"href":"https:\/\/bandsalat.net\/index.php?rest_route=\/wp\/v2\/posts\/479","targetHints":{"allow":["GET"]}}],"collection":[{"href":"https:\/\/bandsalat.net\/index.php?rest_route=\/wp\/v2\/posts"}],"about":[{"href":"https:\/\/bandsalat.net\/index.php?rest_route=\/wp\/v2\/types\/post"}],"author":[{"embeddable":true,"href":"https:\/\/bandsalat.net\/index.php?rest_route=\/wp\/v2\/users\/1"}],"replies":[{"embeddable":true,"href":"https:\/\/bandsalat.net\/index.php?rest_route=%2Fwp%2Fv2%2Fcomments&post=479"}],"version-history":[{"count":3,"href":"https:\/\/bandsalat.net\/index.php?rest_route=\/wp\/v2\/posts\/479\/revisions"}],"predecessor-version":[{"id":485,"href":"https:\/\/bandsalat.net\/index.php?rest_route=\/wp\/v2\/posts\/479\/revisions\/485"}],"wp:attachment":[{"href":"https:\/\/bandsalat.net\/index.php?rest_route=%2Fwp%2Fv2%2Fmedia&parent=479"}],"wp:term":[{"taxonomy":"category","embeddable":true,"href":"https:\/\/bandsalat.net\/index.php?rest_route=%2Fwp%2Fv2%2Fcategories&post=479"},{"taxonomy":"post_tag","embeddable":true,"href":"https:\/\/bandsalat.net\/index.php?rest_route=%2Fwp%2Fv2%2Ftags&post=479"}],"curies":[{"name":"wp","href":"https:\/\/api.w.org\/{rel}","templated":true}]}}