{"id":748,"date":"2026-08-31T16:39:05","date_gmt":"2026-08-31T16:39:05","guid":{"rendered":"https:\/\/bandsalat.net\/?p=748"},"modified":"2026-08-31T19:08:20","modified_gmt":"2026-08-31T19:08:20","slug":"zurueck-aus-dem-trainingslager","status":"publish","type":"post","link":"https:\/\/bandsalat.net\/?p=748","title":{"rendered":"Zur\u00fcck aus dem Trainingslager"},"content":{"rendered":"\n<p class=\"wp-block-paragraph\">Mit gro\u00dfen Schritten bereiten wir uns schon wieder auf den kommenden Herbst vor. Auch in diesem Jahr spielen wir wieder Theater. <\/p>\n\n\n\n<figure class=\"wp-block-image size-large\"><a href=\"https:\/\/bandsalat.net\/wp-content\/uploads\/2026\/08\/probenwochenende2026.jpeg\"><img loading=\"lazy\" decoding=\"async\" width=\"768\" height=\"1024\" src=\"https:\/\/bandsalat.net\/wp-content\/uploads\/2026\/08\/probenwochenende2026-768x1024-1.jpeg\" alt=\"\" class=\"wp-image-763\" srcset=\"https:\/\/bandsalat.net\/wp-content\/uploads\/2026\/08\/probenwochenende2026-768x1024-1.jpeg 768w, https:\/\/bandsalat.net\/wp-content\/uploads\/2026\/08\/probenwochenende2026-225x300.jpeg 225w, https:\/\/bandsalat.net\/wp-content\/uploads\/2026\/08\/probenwochenende2026-1152x1536.jpeg 1152w, https:\/\/bandsalat.net\/wp-content\/uploads\/2026\/08\/probenwochenende2026.jpeg 1200w\" sizes=\"auto, (max-width: 768px) 100vw, 768px\" \/><\/a><\/figure>\n\n\n\n<p class=\"wp-block-paragraph\">In diesem Jahr gibt es wieder ein Kinder- und Jugendst\u00fcck: &#8222;Lilli und Farbhexe&#8220;. <\/p>\n\n\n\n<figure class=\"wp-block-image size-large\"><a href=\"https:\/\/bandsalat.net\/wp-content\/uploads\/2026\/08\/lilly-flyer-front-v3.jpg\"><img loading=\"lazy\" decoding=\"async\" width=\"730\" height=\"1024\" src=\"https:\/\/bandsalat.net\/wp-content\/uploads\/2026\/08\/lilly-flyer-front-v3-730x1024.jpg\" alt=\"\" class=\"wp-image-749\" srcset=\"https:\/\/bandsalat.net\/wp-content\/uploads\/2026\/08\/lilly-flyer-front-v3-730x1024.jpg 730w, https:\/\/bandsalat.net\/wp-content\/uploads\/2026\/08\/lilly-flyer-front-v3-214x300.jpg 214w, https:\/\/bandsalat.net\/wp-content\/uploads\/2026\/08\/lilly-flyer-front-v3-767x1076.jpg 767w, https:\/\/bandsalat.net\/wp-content\/uploads\/2026\/08\/lilly-flyer-front-v3-1096x1536.jpg 1096w, https:\/\/bandsalat.net\/wp-content\/uploads\/2026\/08\/lilly-flyer-front-v3.jpg 1246w\" sizes=\"auto, (max-width: 730px) 100vw, 730px\" \/><\/a><\/figure>\n\n\n\n<p class=\"wp-block-paragraph\">Wir freuen uns schon sehr auf das neue St\u00fcck und hatten an unserem Probenwochenende in Kleinsassen schon sehr viel Spa\u00df.<\/p>\n\n\n\n<p class=\"wp-block-paragraph\">Wir werden auch eine Neuerung in diesem Jahr haben. Der eine oder andere wird es vielleicht schon schmerzlich bemerkt haben, aber unsere Vorverkaufsstelle &#8222;Paul und Paulinchen&#8220; hat Ende des Jahres aufgeh\u00f6rt.<\/p>\n\n\n\n<p class=\"wp-block-paragraph\">Viele von Euch haben dort die Tickets f\u00fcr die Vorstellungen gekauft, dieses klappt in diesem Jahr leider nicht mehr. Aber keine Angst: &#8222;Klecks, der besondere Laden&#8220; in Petersberg und auch Sandras Hairdesign machen weiter.<\/p>\n\n\n\n<p class=\"wp-block-paragraph\">Um aber auch ein wenig mit der Zeit zu gehen, haben wir uns entschlossen, Eintrittskarten ab sofort auch digital zu verkaufen. <\/p>\n\n\n\n<p class=\"wp-block-paragraph\">Dieser Verkauf und auch der Verkauf an den Vorverkaufsstellen beginnt am 25.09.26. <\/p>\n\n\n\n<p class=\"wp-block-paragraph\">Den Link findet Ihr in der oberen Zeile unserer Webseite oder Ihr scannt einfach den QR-Code auf den Plakaten und Flyern. <\/p>\n","protected":false},"excerpt":{"rendered":"<p>Mit gro\u00dfen Schritten bereiten wir uns schon wieder auf den kommenden Herbst vor. Auch in diesem Jahr spielen wir wieder Theater. In diesem Jahr gibt es wieder ein Kinder- und Jugendst\u00fcck: &#8222;Lilli und Farbhexe&#8220;. Wir freuen uns schon sehr auf das neue St\u00fcck und hatten an unserem Probenwochenende in Kleinsassen schon sehr viel Spa\u00df. Wir &hellip; <a href=\"https:\/\/bandsalat.net\/?p=748\" class=\"more-link\"><span class=\"screen-reader-text\">Zur\u00fcck aus dem Trainingslager<\/span> weiterlesen <span class=\"meta-nav\">&rarr;<\/span><\/a><\/p>\n","protected":false},"author":1,"featured_media":0,"comment_status":"closed","ping_status":"closed","sticky":false,"template":"","format":"standard","meta":{"footnotes":""},"categories":[46,2,32,35],"tags":[],"class_list":["post-748","post","type-post","status-publish","format-standard","hentry","category-2026-lilli-und-die-farbhexe","category-bandsalat","category-kindertheater","category-maerchen"],"_links":{"self":[{"href":"https:\/\/bandsalat.net\/index.php?rest_route=\/wp\/v2\/posts\/748","targetHints":{"allow":["GET"]}}],"collection":[{"href":"https:\/\/bandsalat.net\/index.php?rest_route=\/wp\/v2\/posts"}],"about":[{"href":"https:\/\/bandsalat.net\/index.php?rest_route=\/wp\/v2\/types\/post"}],"author":[{"embeddable":true,"href":"https:\/\/bandsalat.net\/index.php?rest_route=\/wp\/v2\/users\/1"}],"replies":[{"embeddable":true,"href":"https:\/\/bandsalat.net\/index.php?rest_route=%2Fwp%2Fv2%2Fcomments&post=748"}],"version-history":[{"count":2,"href":"https:\/\/bandsalat.net\/index.php?rest_route=\/wp\/v2\/posts\/748\/revisions"}],"predecessor-version":[{"id":764,"href":"https:\/\/bandsalat.net\/index.php?rest_route=\/wp\/v2\/posts\/748\/revisions\/764"}],"wp:attachment":[{"href":"https:\/\/bandsalat.net\/index.php?rest_route=%2Fwp%2Fv2%2Fmedia&parent=748"}],"wp:term":[{"taxonomy":"category","embeddable":true,"href":"https:\/\/bandsalat.net\/index.php?rest_route=%2Fwp%2Fv2%2Fcategories&post=748"},{"taxonomy":"post_tag","embeddable":true,"href":"https:\/\/bandsalat.net\/index.php?rest_route=%2Fwp%2Fv2%2Ftags&post=748"}],"curies":[{"name":"wp","href":"https:\/\/api.w.org\/{rel}","templated":true}]}}